{"id":172,"date":"2024-12-01T10:17:14","date_gmt":"2024-12-01T10:17:14","guid":{"rendered":"http:\/\/instytutsp.org\/?p=172"},"modified":"2024-12-01T10:18:29","modified_gmt":"2024-12-01T10:18:29","slug":"idziemy-do-sadu-z-gmina-miejska-krakow","status":"publish","type":"post","link":"https:\/\/instytutsp.org\/index.php\/2024\/12\/01\/idziemy-do-sadu-z-gmina-miejska-krakow\/","title":{"rendered":"Idziemy do s\u0105du z Gmin\u0105 Miejsk\u0105 Krak\u00f3w"},"content":{"rendered":"\n<h3 class=\"wp-block-heading\">Instytut Studi\u00f3w Praktycznych znalaz\u0142 si\u0119\u00a0w sporze z Gmin\u0105 Krak\u00f3w o dost\u0119p do informacji publicznej<\/h3>\n\n\n\n<p><strong>Instytut Studi\u00f3w Praktycznych<\/strong> w ramach swojej misji na rzecz poprawy bezpiecze\u0144stwa publicznego i przejrzysto\u015bci w dzia\u0142aniu organ\u00f3w administracji publicznej, wyst\u0105pi\u0142 z zapytaniem do Gminy Miejskiej Krak\u00f3w o udzielenie informacji dotycz\u0105cych miejsc utrzymania ps\u00f3w ras uznanych za niebezpieczne. Niestety, odpowied\u017a urz\u0119du, a w\u0142a\u015bciwie jej brak, sta\u0142a si\u0119 pocz\u0105tkiem sporu, kt\u00f3ry obecnie zmierza na drog\u0119 s\u0105dow\u0105.<\/p>\n\n\n\n<h3 class=\"wp-block-heading\">Dlaczego pytamy o psy ras uznanych za niebezpieczne?<\/h3>\n\n\n\n<p>Celem Instytutu by\u0142o uzyskanie informacji, kt\u00f3re pozwol\u0105:<\/p>\n\n\n\n<ul class=\"wp-block-list\">\n<li>oceni\u0107, czy przepisy dotycz\u0105ce posiadania ps\u00f3w ras uznanych za niebezpieczne s\u0105 w\u0142a\u015bciwie realizowane na poziomie lokalnym,<\/li>\n\n\n\n<li>zidentyfikowa\u0107 ewentualne potrzeby edukacyjne i kontrolne w kontek\u015bcie utrzymania tych zwierz\u0105t,<\/li>\n\n\n\n<li>zwi\u0119kszy\u0107 bezpiecze\u0144stwo mieszka\u0144c\u00f3w oraz poprawi\u0107 warunki \u017cycia zwierz\u0105t.<\/li>\n<\/ul>\n\n\n\n<p>Nasze pytanie dotyczy\u0142o danych o miejscach utrzymania tych ps\u00f3w \u2013 nie za\u015b danych osobowych ich w\u0142a\u015bcicieli.<\/p>\n\n\n\n<h3 class=\"wp-block-heading\">RODO czy nadinterpretacja?<\/h3>\n\n\n\n<p>Gmina Miejska Krak\u00f3w w swojej odpowiedzi odm\u00f3wi\u0142a udzielenia informacji, powo\u0142uj\u0105c si\u0119 na przepisy <strong>RODO (Rozporz\u0105dzenia o Ochronie Danych Osobowych)<\/strong>. Wed\u0142ug urz\u0119du, udzielenie informacji o miejscach utrzymania ps\u00f3w mog\u0142oby narusza\u0107 prawo do prywatno\u015bci w\u0142a\u015bcicieli.<\/p>\n\n\n\n<p>Jednak Instytut Studi\u00f3w Praktycznych wskazuje, \u017ce:<\/p>\n\n\n\n<ol class=\"wp-block-list\">\n<li><strong>RODO dotyczy ochrony danych osobowych ludzi, a nie zwierz\u0105t.<\/strong> Informacje o miejscach utrzymania ps\u00f3w ras uznanych za niebezpieczne nie musz\u0105 zawiera\u0107 danych identyfikuj\u0105cych w\u0142a\u015bcicieli.<\/li>\n\n\n\n<li><strong>Urz\u0105d nie wyja\u015bni\u0142, w jaki spos\u00f3b przepisy RODO mia\u0142yby ogranicza\u0107 dost\u0119p do tych informacji<\/strong> w kontek\u015bcie ustawy o dost\u0119pie do informacji publicznej.<\/li>\n\n\n\n<li>Brak takich danych uniemo\u017cliwia spo\u0142eczn\u0105 kontrol\u0119 nad przestrzeganiem przepis\u00f3w, co jest jednym z cel\u00f3w dost\u0119pu do informacji publicznej.<\/li>\n<\/ol>\n\n\n\n<h3 class=\"wp-block-heading\">Bezczynno\u015b\u0107 Gminy Krak\u00f3w<\/h3>\n\n\n\n<p>Po otrzymaniu odpowiedzi, kt\u00f3ra w naszej opinii by\u0142a niezgodna z prawem, Instytut wezwa\u0142 Gmin\u0119 Krak\u00f3w do zaprzestania bezczynno\u015bci i ponownego rozpatrzenia wniosku. Niestety, urz\u0105d nie odpowiedzia\u0142 w wymaganym terminie, co sk\u0142oni\u0142o nas do podj\u0119cia dalszych krok\u00f3w prawnych.<\/p>\n\n\n\n<h3 class=\"wp-block-heading\">Decyzja o skardze do WSA<\/h3>\n\n\n\n<p>Po wewn\u0119trznej naradzie w fundacji, w kt\u00f3rej udzia\u0142 wzi\u0119li prezes zarz\u0105du oraz przewodnicz\u0105ca rady fundacji, zapad\u0142a decyzja o skierowaniu skargi na bezczynno\u015b\u0107 do <strong>Wojew\u00f3dzkiego S\u0105du Administracyjnego<\/strong>.<\/p>\n\n\n\n<p>W skardze Instytut podnosi, \u017ce:<\/p>\n\n\n\n<ul class=\"wp-block-list\">\n<li>odmowa udzielenia informacji narusza ustaw\u0119 o dost\u0119pie do informacji publicznej,<\/li>\n\n\n\n<li>powo\u0142ywanie si\u0119 na RODO w tym przypadku jest nadinterpretacj\u0105 przepis\u00f3w,<\/li>\n\n\n\n<li>brak odpowiedzi w ustawowym terminie stanowi przyk\u0142ad bezczynno\u015bci administracyjnej.<\/li>\n<\/ul>\n\n\n\n<h3 class=\"wp-block-heading\">Dlaczego to wa\u017cne?<\/h3>\n\n\n\n<p>Sprawa ta ma znaczenie nie tylko dla Instytutu, ale r\u00f3wnie\u017c dla szeroko poj\u0119tego interesu spo\u0142ecznego. Dost\u0119p do informacji publicznej jest jednym z fundament\u00f3w transparentno\u015bci w\u0142adzy i kontroli obywatelskiej nad dzia\u0142aniami administracji publicznej.<\/p>\n\n\n\n<p>Instytut podkre\u015bla, \u017ce nie d\u0105\u017cy do konfliktu, lecz do wyja\u015bnienia sprawy i uzyskania odpowiedzi, kt\u00f3re pozwol\u0105 realizowa\u0107 nasze dzia\u0142ania na rzecz bezpiecze\u0144stwa i odpowiedzialnego traktowania zwierz\u0105t.<\/p>\n\n\n\n<h3 class=\"wp-block-heading\">Co dalej?<\/h3>\n\n\n\n<p>O post\u0119pach w sprawie b\u0119dziemy na bie\u017c\u0105co informowa\u0107 na naszym blogu oraz w mediach spo\u0142eczno\u015bciowych. Zach\u0119camy do \u015bledzenia naszych dzia\u0142a\u0144 oraz wspierania inicjatyw, kt\u00f3re promuj\u0105 jawno\u015b\u0107 i odpowiedzialno\u015b\u0107 administracji publicznej.<\/p>\n\n\n\n<p>Wierzymy, \u017ce transparentno\u015b\u0107 i dialog s\u0105 kluczem do budowania zaufania mi\u0119dzy spo\u0142ecze\u0144stwem a organami w\u0142adzy publicznej.<\/p>\n","protected":false},"excerpt":{"rendered":"<p>Instytut Studi\u00f3w Praktycznych znalaz\u0142 si\u0119\u00a0w sporze z Gmin\u0105 Krak\u00f3w o dost\u0119p do informacji publicznej Instytut Studi\u00f3w Praktycznych w ramach swojej misji na rzecz poprawy bezpiecze\u0144stwa publicznego i przejrzysto\u015bci w dzia\u0142aniu organ\u00f3w administracji publicznej, wyst\u0105pi\u0142 z zapytaniem do Gminy Miejskiej Krak\u00f3w o udzielenie informacji dotycz\u0105cych miejsc utrzymania ps\u00f3w ras uznanych za niebezpieczne. Niestety, odpowied\u017a urz\u0119du, a&#8230;<\/p>\n","protected":false},"author":2,"featured_media":169,"comment_status":"closed","ping_status":"open","sticky":false,"template":"","format":"standard","meta":{"footnotes":""},"categories":[3],"tags":[],"class_list":["post-172","post","type-post","status-publish","format-standard","has-post-thumbnail","hentry","category-ogolne"],"_links":{"self":[{"href":"https:\/\/instytutsp.org\/index.php\/wp-json\/wp\/v2\/posts\/172","targetHints":{"allow":["GET"]}}],"collection":[{"href":"https:\/\/instytutsp.org\/index.php\/wp-json\/wp\/v2\/posts"}],"about":[{"href":"https:\/\/instytutsp.org\/index.php\/wp-json\/wp\/v2\/types\/post"}],"author":[{"embeddable":true,"href":"https:\/\/instytutsp.org\/index.php\/wp-json\/wp\/v2\/users\/2"}],"replies":[{"embeddable":true,"href":"https:\/\/instytutsp.org\/index.php\/wp-json\/wp\/v2\/comments?post=172"}],"version-history":[{"count":3,"href":"https:\/\/instytutsp.org\/index.php\/wp-json\/wp\/v2\/posts\/172\/revisions"}],"predecessor-version":[{"id":175,"href":"https:\/\/instytutsp.org\/index.php\/wp-json\/wp\/v2\/posts\/172\/revisions\/175"}],"wp:featuredmedia":[{"embeddable":true,"href":"https:\/\/instytutsp.org\/index.php\/wp-json\/wp\/v2\/media\/169"}],"wp:attachment":[{"href":"https:\/\/instytutsp.org\/index.php\/wp-json\/wp\/v2\/media?parent=172"}],"wp:term":[{"taxonomy":"category","embeddable":true,"href":"https:\/\/instytutsp.org\/index.php\/wp-json\/wp\/v2\/categories?post=172"},{"taxonomy":"post_tag","embeddable":true,"href":"https:\/\/instytutsp.org\/index.php\/wp-json\/wp\/v2\/tags?post=172"}],"curies":[{"name":"wp","href":"https:\/\/api.w.org\/{rel}","templated":true}]}}