{"id":123,"date":"2024-09-01T07:30:54","date_gmt":"2024-09-01T07:30:54","guid":{"rendered":"http:\/\/instytutsp.org\/?p=123"},"modified":"2024-10-15T19:11:09","modified_gmt":"2024-10-15T19:11:09","slug":"zaczynamy","status":"publish","type":"post","link":"https:\/\/instytutsp.org\/index.php\/2024\/09\/01\/zaczynamy\/","title":{"rendered":"Zaczynamy!"},"content":{"rendered":"\n<p>Z przyjemno\u015bci\u0105 informujemy, \u017ce 30 sierpnia 2024 roku S\u0105d podj\u0105\u0142 decyzj\u0119 o wpisaniu naszej Fundacji do Krajowego Rejestru S\u0105dowego. To wa\u017cny moment w historii Instytutu Studi\u00f3w Praktycznych, kt\u00f3ry pozwala nam oficjalnie rozpocz\u0105\u0107 dzia\u0142alno\u015b\u0107 na szerok\u0105 skal\u0119. Przygotowywali\u015bmy si\u0119 do tego kroku przez wiele lat, a teraz, z ogromnym entuzjazmem i determinacj\u0105, przyst\u0119pujemy do realizacji naszych cel\u00f3w.<\/p>\n\n\n\n<p>Nasza Fundacja dzia\u0142a poprzez dwa wydzia\u0142y programowe, kt\u00f3re prowadzi\u0107 b\u0119d\u0105 trzy kluczowe programy:<\/p>\n\n\n\n<ol class=\"wp-block-list\">\n<li><strong>Publiczne bez tytoniu<\/strong> \u2013 program maj\u0105cy na celu ochron\u0119 zdrowia publicznego poprzez redukcj\u0119 biernego palenia w miejscach publicznych.<\/li>\n\n\n\n<li><strong>Monitoring centrum miast<\/strong> \u2013 skupiony na monitorowaniu sprzeda\u017cy alkoholu w centralnych obszarach miejskich.<\/li>\n\n\n\n<li><strong>Badanie ustawy o wychowaniu w trze\u017awo\u015bci<\/strong> \u2013 program analityczny, kt\u00f3ry b\u0119dzie bada\u0142 efektywno\u015b\u0107 i mo\u017cliwo\u015bci modyfikacji obecnych przepis\u00f3w.<\/li>\n<\/ol>\n\n\n\n<p>Nasze cele obejmuj\u0105 analizowanie z\u0142o\u017conych problem\u00f3w spo\u0142ecznych i proponowanie ich rozwi\u0105za\u0144, projektowanie reform oraz zwi\u0119kszanie odpowiedzialno\u015bci obywateli za stan pa\u0144stwa. Chcemy dzia\u0142a\u0107 na rzecz ochrony praw cz\u0142owieka, poprawy bezpiecze\u0144stwa publicznego, wspierania gospodarki, a tak\u017ce propagowania nowoczesnych technologii w zarz\u0105dzaniu.<\/p>\n\n\n\n<p>Instytut Studi\u00f3w Praktycznych b\u0119dzie r\u00f3wnie\u017c interweniowa\u0142 i nag\u0142a\u015bnia\u0142 przypadki narusze\u0144 prawa przez organy pa\u0144stwowe oraz prywatne, wspieraj\u0105c tym samym budowanie spo\u0142ecze\u0144stwa obywatelskiego opartego na warto\u015bciach pa\u0144stwa prawa.<\/p>\n\n\n\n<p>Dzi\u0119kujemy za wsparcie i zaufanie, jakie otrzymali\u015bmy podczas tego procesu. Jeste\u015bmy gotowi do pracy na rzecz wsp\u00f3lnego dobra i realizacji naszych ambitnych plan\u00f3w. Razem mo\u017cemy wiele osi\u0105gn\u0105\u0107! \ud83d\udcaa<\/p>\n","protected":false},"excerpt":{"rendered":"<p>Z przyjemno\u015bci\u0105 informujemy, \u017ce 30 sierpnia 2024 roku S\u0105d podj\u0105\u0142 decyzj\u0119 o wpisaniu naszej Fundacji do Krajowego Rejestru S\u0105dowego. To wa\u017cny moment w historii Instytutu Studi\u00f3w Praktycznych, kt\u00f3ry pozwala nam oficjalnie rozpocz\u0105\u0107 dzia\u0142alno\u015b\u0107 na szerok\u0105 skal\u0119. Przygotowywali\u015bmy si\u0119 do tego kroku przez wiele lat, a teraz, z ogromnym entuzjazmem i determinacj\u0105, przyst\u0119pujemy do realizacji naszych&#8230;<\/p>\n","protected":false},"author":2,"featured_media":124,"comment_status":"closed","ping_status":"open","sticky":false,"template":"","format":"standard","meta":{"footnotes":""},"categories":[3],"tags":[],"class_list":["post-123","post","type-post","status-publish","format-standard","has-post-thumbnail","hentry","category-ogolne"],"_links":{"self":[{"href":"https:\/\/instytutsp.org\/index.php\/wp-json\/wp\/v2\/posts\/123","targetHints":{"allow":["GET"]}}],"collection":[{"href":"https:\/\/instytutsp.org\/index.php\/wp-json\/wp\/v2\/posts"}],"about":[{"href":"https:\/\/instytutsp.org\/index.php\/wp-json\/wp\/v2\/types\/post"}],"author":[{"embeddable":true,"href":"https:\/\/instytutsp.org\/index.php\/wp-json\/wp\/v2\/users\/2"}],"replies":[{"embeddable":true,"href":"https:\/\/instytutsp.org\/index.php\/wp-json\/wp\/v2\/comments?post=123"}],"version-history":[{"count":1,"href":"https:\/\/instytutsp.org\/index.php\/wp-json\/wp\/v2\/posts\/123\/revisions"}],"predecessor-version":[{"id":125,"href":"https:\/\/instytutsp.org\/index.php\/wp-json\/wp\/v2\/posts\/123\/revisions\/125"}],"wp:featuredmedia":[{"embeddable":true,"href":"https:\/\/instytutsp.org\/index.php\/wp-json\/wp\/v2\/media\/124"}],"wp:attachment":[{"href":"https:\/\/instytutsp.org\/index.php\/wp-json\/wp\/v2\/media?parent=123"}],"wp:term":[{"taxonomy":"category","embeddable":true,"href":"https:\/\/instytutsp.org\/index.php\/wp-json\/wp\/v2\/categories?post=123"},{"taxonomy":"post_tag","embeddable":true,"href":"https:\/\/instytutsp.org\/index.php\/wp-json\/wp\/v2\/tags?post=123"}],"curies":[{"name":"wp","href":"https:\/\/api.w.org\/{rel}","templated":true}]}}